{"id":335,"date":"2024-10-30T18:18:54","date_gmt":"2024-10-30T18:18:54","guid":{"rendered":"https:\/\/gruporomaly.com\/?p=335"},"modified":"2024-10-30T18:18:55","modified_gmt":"2024-10-30T18:18:55","slug":"la-otra-forma-comunicado-de-prensa","status":"publish","type":"post","link":"https:\/\/gruporomaly.com\/index.php\/2024\/10\/30\/la-otra-forma-comunicado-de-prensa\/","title":{"rendered":"La Otra Forma | Comunicado de prensa"},"content":{"rendered":"<div class='booster-block booster-read-block'>\n                <div class=\"twp-read-time\">\n                \t<i class=\"booster-icon twp-clock\"><\/i> <span>Read Time:<\/span>5 Minute, 45 Second                <\/div>\n\n            <\/div>\n<p class=\"has-large-font-size\"><strong>La Otra Forma: La aclamada pel\u00edcula de animaci\u00f3n colombiana llega a Costa Rica<\/strong><\/p>\n\n\n\n<p><strong>\u00a1Aquel que dude no entrar\u00e1 al para\u00edso cuadrado!<\/strong><\/p>\n\n\n\n<p><strong>San Jos\u00e9, Costa Rica \u2013 15 de octubre de 2024<\/strong><\/p>\n\n\n\n<p><strong>Distribuidora Romaly<\/strong> se complace en anunciar el estreno en Costa Rica de <strong>&#8220;La Otra Forma&#8221;<\/strong>, una innovadora pel\u00edcula de animaci\u00f3n colombiana que ha conquistado festivales internacionales y ahora trae su mensaje de individualidad y resistencia a las pantallas costarricenses.<\/p>\n\n\n\n<p><strong>La Otra Forma<\/strong> es un largometraje de <strong>92 minutos<\/strong> realizado en <strong>animaci\u00f3n 2D tradicional<\/strong>, dirigido por <strong>Diego Felipe Guzm\u00e1n Ram\u00edrez<\/strong> y producido por <strong>Carlos Smith Rovira<\/strong>, quien adem\u00e1s es el director de la Escuela de Animaci\u00f3n Digital de la <strong>Universidad LCI Veritas<\/strong> en San Jos\u00e9, Costa Rica. Sin di\u00e1logos y dirigido a un p\u00fablico de j\u00f3venes adultos, la pel\u00edcula narra la historia de un hombre obsesionado con encajar en un mundo geom\u00e9trico, enfrent\u00e1ndose al dilema de convertirse en un cuadrado o desatar la aut\u00e9ntica forma que reside en su interior.<\/p>\n\n\n\n<p><strong>Sinopsis:<\/strong> En un futuro cercano, la Humanidad construye un para\u00edso artificial <strong>CUADRADO<\/strong> en la superficie de la Luna, al cual solo se puede acceder si se tiene el aspecto y el modo de pensar de un cuadrado. Para lograrlo, las personas utilizan \u201cm\u00e1quinas de cuadratizaci\u00f3n\u201d que moldean sus cuerpos y cierran su mente al cuestionamiento. Pedro Prensa, el protagonista, deber\u00e1 decidir entre conformarse o revelar su verdadera esencia.<\/p>\n\n\n\n<p><strong>Reconocimientos Internacionales:<\/strong> &#8220;La Otra Forma&#8221; ha sido galardonada con m\u00faltiples premios, incluyendo el <strong>Premio al Mejor Largometraje de Animaci\u00f3n en el Festival Chilemonos 2022<\/strong> y el <strong>Premio a Mejor Largometraje en la secci\u00f3n Animat\u2019t del Festival SITGES 2022<\/strong>. Adem\u00e1s, ha sido seleccionada en prestigiosos festivales como <strong>Annecy, Rotterdam y el Festival del Nuevo Cine Latinoamericano de La Habana,<\/strong> consolid\u00e1ndose como una obra destacada del cine de animaci\u00f3n latinoamericano.<\/p>\n\n\n\n<p><strong>Cr\u00edticas y Opiniones:<\/strong> &#8220;La Otra Forma&#8221; ha recibido elogios de la cr\u00edtica especializada por su innovadora narrativa y su profundo mensaje social. Seg\u00fan <strong>Radix Animaci\u00f3n<\/strong>,<\/p>\n\n\n\n<p><em>&#8220;La Otra Forma es una obra maestra de la animaci\u00f3n que desaf\u00eda las convenciones del g\u00e9nero con su narrativa sin di\u00e1logos y su profunda reflexi\u00f3n sobre la individualidad y la conformidad en la sociedad moderna.&#8221;<\/em><\/p>\n\n\n\n<p><strong>Mundial<\/strong> se\u00f1al\u00f3:<\/p>\n\n\n\n<p><em>&#8220;Esta cinta animada no solo entretiene, sino que invita a la reflexi\u00f3n sobre c\u00f3mo la sociedad actual tiende a homogeneizar a sus individuos, sacrificando la diversidad y la autenticidad.&#8221;<\/em><\/p>\n\n\n\n<p><strong>CineVistablog<\/strong> destac\u00f3:<\/p>\n\n\n\n<p><em>&#8220;Una pieza audaz y visualmente deslumbrante que demuestra el talento emergente de la animaci\u00f3n colombiana. &#8216;La Otra Forma&#8217; es un viaje emocional que resuena profundamente en el espectador.&#8221;<\/em><\/p>\n\n\n\n<p><strong>Cartoon Brew<\/strong> coment\u00f3:<\/p>\n\n\n\n<p><em>&#8220;La incre\u00edble animaci\u00f3n creada por artistas colombianos reales en &#8216;La Otra Forma&#8217; establece un nuevo est\u00e1ndar en el cine de animaci\u00f3n independiente. Una experiencia imperdible para los amantes del g\u00e9nero.&#8221;<\/em><\/p>\n\n\n\n<p><strong>Latinamedia<\/strong> afirm\u00f3:<\/p>\n\n\n\n<p><em>&#8220;Con una ejecuci\u00f3n impecable y un mensaje poderoso, &#8216;La Otra Forma&#8217; se posiciona como una de las mejores producciones de animaci\u00f3n de Am\u00e9rica Latina, merecedora de todos sus reconocimientos internacionales.&#8221;<\/em><\/p>\n\n\n\n<p><strong>Animation World Network <\/strong>resalt\u00f3<strong>:<\/strong><em>&nbsp;<\/em><\/p>\n\n\n\n<p><em>\u201cHay mucho en el largometraje animado del cineasta debutante Diego Guzm\u00e1n, The Other Shape, que no es en absoluto territorio familiar, como los ciudadanos contorsionando sus cuerpos por cualquier medio necesario en formas cuadradas o el cielo c\u00fabico de su universo, similar a un Tetris. Sin embargo, los fan\u00e1ticos de las pel\u00edculas japonesas m\u00e1s ic\u00f3nicas de principios de los 2000 pueden descubrir que el extra\u00f1o mundo de Guzm\u00e1n evoca una nostalgia familiar y bien recibida.\u201d<\/em><\/p>\n\n\n\n<p><strong>Producci\u00f3n y Creatividad:<\/strong> Esta producci\u00f3n es el resultado de m\u00e1s de <strong>5 a\u00f1os de trabajo<\/strong> y un equipo de m\u00e1s de <strong>100 profesionales<\/strong>. Con la colaboraci\u00f3n de coproductores como <strong>Aline Mazzarella<\/strong> y <strong>Matheus Pe\u00e7anha<\/strong>, y el apoyo de entidades como <strong>FDC \u2013 Proim\u00e1genes<\/strong> y <strong>Idartes<\/strong>, &#8220;La Otra Forma&#8221; representa un hito en la animaci\u00f3n colombiana. La pel\u00edcula cuenta con <strong>60,480 dibujos<\/strong> meticulosamente elaborados, reflejando un esfuerzo monumental en cada cuadro.<\/p>\n\n\n\n<p><strong>M\u00fasica y Sonido:<\/strong> La banda sonora, compuesta por <strong>Daniel Velasco<\/strong>, juega un papel fundamental al narrar la historia sin necesidad de di\u00e1logos. Utilizando objetos met\u00e1licos para crear sonidos experimentales, Velasco cre\u00f3 <strong>38 tracks originales<\/strong> interpretados por la <strong>Orquesta Sinf\u00f3nica de Bratislava<\/strong>, enriqueciendo la experiencia visual con una profundidad sonora \u00fanica.<\/p>\n\n\n\n<p><strong>Daniel Velasco<\/strong>, compositor y arreglista colombiano con m\u00e1s de 15 a\u00f1os de experiencia, ha creado una banda sonora \u00fanica que no solo acompa\u00f1a la narrativa visual de la pel\u00edcula, sino que tambi\u00e9n act\u00faa como el principal narrador en ausencia de di\u00e1logos. Utilizando objetos met\u00e1licos para generar sonidos experimentales, Velasco compuso <strong>38 tracks originales<\/strong> que fueron interpretados magistralmente por la <strong>Orquesta Sinf\u00f3nica de Bratislava<\/strong>. Esta innovadora aproximaci\u00f3n sonora enriquece la experiencia cinematogr\u00e1fica, proporcionando una profundidad emocional y sensorial sin precedentes.<\/p>\n\n\n\n<p><strong>Premios y Reconocimientos:<\/strong> &#8220;La Otra Forma&#8221; ha recibido m\u00faltiples galardones por su excelencia en sonido y m\u00fasica, incluyendo:<\/p>\n\n\n\n<ul class=\"wp-block-list\">\n<li><strong>IV BIS \u2013 Bienal de Cine Sonoro, Goi\u00e1s, Brasil (2024):<\/strong>\n<ul class=\"wp-block-list\">\n<li>Mejor Sonido<\/li>\n\n\n\n<li>Mejor Edici\u00f3n de Sonido<\/li>\n\n\n\n<li>Mejor Mezcla de Sonido<\/li>\n\n\n\n<li>Mejores Efectos Sonoros<\/li>\n\n\n\n<li>Mejor M\u00fasica Original<\/li>\n\n\n\n<li>Mejor Dise\u00f1o de Sonido<\/li>\n<\/ul>\n<\/li>\n\n\n\n<li><strong>Premios Macondo (2023):<\/strong>\n<ul class=\"wp-block-list\">\n<li>Mejor Musical Original<\/li>\n<\/ul>\n<\/li>\n<\/ul>\n\n\n\n<p><strong>Cr\u00edticas Destacadas:<\/strong> La labor de Daniel Velasco ha sido ampliamente elogiada por cr\u00edticos y expertos en la industria. <strong>Latinamedia<\/strong> afirm\u00f3:<\/p>\n\n\n\n<p><strong>Impacto de la Banda Sonora:<\/strong> La ausencia de di\u00e1logos en &#8220;La Otra Forma&#8221; coloca a la m\u00fasica y al dise\u00f1o de sonido en el centro de la narrativa. <strong>Daniel Velasco<\/strong> explic\u00f3:<\/p>\n\n\n\n<p><em>&#8220;Mi objetivo fue crear una banda sonora que no solo complementara las im\u00e1genes, sino que tambi\u00e9n contara la historia por s\u00ed misma. Cada sonido y cada nota est\u00e1n dise\u00f1ados para reflejar las emociones y los conflictos internos del protagonista, Pedro Prensa.&#8221;<\/em><\/p>\n\n\n\n<p>Esta innovadora estrategia sonora permite a los espectadores sumergirse completamente en el mundo geom\u00e9trico y dist\u00f3pico de la pel\u00edcula, experimentando una conexi\u00f3n m\u00e1s profunda con los personajes y sus luchas internas.<\/p>\n\n\n\n<p><strong>Disponibilidad de la Banda Sonora:<\/strong> La banda sonora original de <strong>&#8220;La Otra Forma&#8221;<\/strong>, compuesta por Daniel Velasco, est\u00e1 disponible para escuchar en <strong>Spotify<\/strong>. Los interesados pueden acceder a la m\u00fasica a trav\u00e9s del siguiente enlace:<\/p>\n\n\n\n<p><a href=\"https:\/\/spotify.link\/aE84Bl9nuDb\">Escucha la Banda Sonora en Spotify<\/a><\/p>\n\n\n\n<p><strong>Estreno en Costa Rica:<\/strong> &#8220;La Otra Forma&#8221; se estrenar\u00e1 en Costa Rica el <strong>7 de noviembre de 2024<\/strong> en los principales cines de San Jos\u00e9, ofreciendo a la audiencia costarricenses una oportunidad \u00fanica de disfrutar una obra que desaf\u00eda los esquemas tradicionales del cine de animaci\u00f3n. Adem\u00e1s, se realizar\u00e1 un <strong>preestreno<\/strong> el <strong>6 de noviembre a las 8:00 p.m.<\/strong> en el <strong>Cinema Magaly<\/strong>, donde se llevar\u00e1 cabo un evento especial que incluye una presentaci\u00f3n del productor Carlos Smith Rovira y una sesi\u00f3n de preguntas y respuestas.<\/p>\n\n\n\n<p><strong>Comentarios del Director:<\/strong> \u201c<strong>La Otra Forma<\/strong> es una reflexi\u00f3n sobre la presi\u00f3n de la sociedad para conformarse y la importancia de mantener nuestra individualidad. Estoy emocionado de que el p\u00fablico de Costa Rica pueda experimentar esta historia y espero que inspire a cada espectador a valorar su verdadera forma interior.\u201d<\/p>\n\n\n\n<p><strong>Redes Sociales:<\/strong> Para m\u00e1s informaci\u00f3n y actualizaciones, s\u00edguenos en:<\/p>\n\n\n\n<ul class=\"wp-block-list\">\n<li><a href=\"https:\/\/twitter.com\/rtvcplay\">@rtvcplay<\/a><\/li>\n\n\n\n<li><a href=\"https:\/\/twitter.com\/hierroanimacion\">@hierroanimacion<\/a><\/li>\n\n\n\n<li><a href=\"https:\/\/twitter.com\/estudio.giz\">@estudio.giz<\/a><\/li>\n\n\n\n<li><a href=\"https:\/\/twitter.com\/arcadia_sonora\">@arcadia_sonora<\/a><\/li>\n\n\n\n<li><a href=\"https:\/\/twitter.com\/danielvelascomusic\">@danielvelascomusic<\/a><\/li>\n\n\n\n<li><a href=\"https:\/\/twitter.com\/diegoguzmanart\">@diegoguzmanart<\/a><\/li>\n\n\n\n<li><a href=\"https:\/\/twitter.com\/carlos_smith_rovira\">@carlos_smith_rovira<\/a><\/li>\n\n\n\n<li><a href=\"https:\/\/twitter.com\/proimagenescolombia\">@proimagenescolombia<\/a><\/li>\n<\/ul>\n\n\n\n<p>Descarga el Kit de Prensa para m\u00e1s informaci\u00f3n y material multimedia.<\/p>\n\n\n\n<div class=\"wp-block-buttons is-layout-flex wp-block-buttons-is-layout-flex\">\n<div class=\"wp-block-button\"><a class=\"wp-block-button__link wp-element-button\" href=\"https:\/\/docs.google.com\/document\/d\/1fSnahi8JVtvYY8PWuH856nYKwCOsZg-MVypMrOxxou0\/edit?usp=sharing\">Descarga <\/a><\/div>\n<\/div>\n        <div class=\"booster-block booster-reactions-block\">\n            <div class=\"twp-reactions-icons\">\n                \n                <div class=\"twp-reacts-wrap\">\n                    <a react-data=\"be-react-1\" post-id=\"335\" class=\"be-face-icons un-reacted\" href=\"javascript:void(0)\">\n                        <img decoding=\"async\" src=\"https:\/\/gruporomaly.com\/wp-content\/plugins\/booster-extension\/\/assets\/icon\/happy.svg\" alt=\"Happy\">\n                    <\/a>\n                    <div class=\"twp-reaction-title\">\n                        Happy                    <\/div>\n                    <div class=\"twp-count-percent\">\n                                                    <span style=\"display: none;\" class=\"twp-react-count\">0<\/span>\n                        \n                                                <span class=\"twp-react-percent\"><span>0<\/span> %<\/span>\n                                            <\/div>\n                <\/div>\n\n                <div class=\"twp-reacts-wrap\">\n                    <a react-data=\"be-react-2\" post-id=\"335\" class=\"be-face-icons un-reacted\" href=\"javascript:void(0)\">\n                        <img decoding=\"async\" src=\"https:\/\/gruporomaly.com\/wp-content\/plugins\/booster-extension\/\/assets\/icon\/sad.svg\" alt=\"Sad\">\n                    <\/a>\n                    <div class=\"twp-reaction-title\">\n                        Sad                    <\/div>\n                    <div class=\"twp-count-percent\">\n                                                    <span style=\"display: none;\" class=\"twp-react-count\">0<\/span>\n                                                                        <span class=\"twp-react-percent\"><span>0<\/span> %<\/span>\n                                            <\/div>\n                <\/div>\n\n                <div class=\"twp-reacts-wrap\">\n                    <a react-data=\"be-react-3\" post-id=\"335\" class=\"be-face-icons un-reacted\" href=\"javascript:void(0)\">\n                        <img decoding=\"async\" src=\"https:\/\/gruporomaly.com\/wp-content\/plugins\/booster-extension\/\/assets\/icon\/excited.svg\" alt=\"Excited\">\n                    <\/a>\n                    <div class=\"twp-reaction-title\">\n                        Excited                    <\/div>\n                    <div class=\"twp-count-percent\">\n                                                    <span style=\"display: none;\" class=\"twp-react-count\">0<\/span>\n                                                                        <span class=\"twp-react-percent\"><span>0<\/span> %<\/span>\n                                            <\/div>\n                <\/div>\n\n                <div class=\"twp-reacts-wrap\">\n                    <a react-data=\"be-react-6\" post-id=\"335\" class=\"be-face-icons un-reacted\" href=\"javascript:void(0)\">\n                        <img decoding=\"async\" src=\"https:\/\/gruporomaly.com\/wp-content\/plugins\/booster-extension\/\/assets\/icon\/sleepy.svg\" alt=\"Sleepy\">\n                    <\/a>\n                    <div class=\"twp-reaction-title\">\n                        Sleepy                    <\/div>\n                    <div class=\"twp-count-percent\">\n                                                    <span style=\"display: none;\" class=\"twp-react-count\">0<\/span>\n                        \n                                                <span class=\"twp-react-percent\"><span>0<\/span> %<\/span>\n                                            <\/div>\n                <\/div>\n\n                <div class=\"twp-reacts-wrap\">\n                    <a react-data=\"be-react-4\" post-id=\"335\" class=\"be-face-icons un-reacted\" href=\"javascript:void(0)\">\n                        <img decoding=\"async\" src=\"https:\/\/gruporomaly.com\/wp-content\/plugins\/booster-extension\/\/assets\/icon\/angry.svg\" alt=\"Angry\">\n                    <\/a>\n                    <div class=\"twp-reaction-title\">Angry<\/div>\n                    <div class=\"twp-count-percent\">\n                                                    <span style=\"display: none;\" class=\"twp-react-count\">0<\/span>\n                                                                        <span class=\"twp-react-percent\"><span>0<\/span> %<\/span>\n                        \n                    <\/div>\n                <\/div>\n\n                <div class=\"twp-reacts-wrap\">\n                    <a react-data=\"be-react-5\" post-id=\"335\" class=\"be-face-icons un-reacted\" href=\"javascript:void(0)\">\n                        <img decoding=\"async\" src=\"https:\/\/gruporomaly.com\/wp-content\/plugins\/booster-extension\/\/assets\/icon\/surprise.svg\" alt=\"Surprise\">\n                    <\/a>\n                    <div class=\"twp-reaction-title\">Surprise<\/div>\n                    <div class=\"twp-count-percent\">\n                                                    <span style=\"display: none;\" class=\"twp-react-count\">0<\/span>\n                                                                        <span class=\"twp-react-percent\"><span>0<\/span> %<\/span>\n                                            <\/div>\n                <\/div>\n\n            <\/div>\n        <\/div>\n\n    ","protected":false},"excerpt":{"rendered":"<p>La Otra Forma: La aclamada pel\u00edcula de animaci\u00f3n colombiana llega a Costa Rica \u00a1Aquel que dude no entrar\u00e1 al para\u00edso cuadrado! San Jos\u00e9, Costa Rica \u2013 15 de octubre de 2024 Distribuidora Romaly se complace en anunciar el estreno en Costa Rica de &#8220;La Otra Forma&#8221;, una innovadora pel\u00edcula de [&hellip;]<\/p>\n","protected":false},"author":1,"featured_media":325,"comment_status":"open","ping_status":"open","sticky":false,"template":"","format":"standard","meta":{"footnotes":""},"categories":[10],"tags":[],"class_list":["post-335","post","type-post","status-publish","format-standard","has-post-thumbnail","hentry","category-prensa"],"_links":{"self":[{"href":"https:\/\/gruporomaly.com\/index.php\/wp-json\/wp\/v2\/posts\/335","targetHints":{"allow":["GET"]}}],"collection":[{"href":"https:\/\/gruporomaly.com\/index.php\/wp-json\/wp\/v2\/posts"}],"about":[{"href":"https:\/\/gruporomaly.com\/index.php\/wp-json\/wp\/v2\/types\/post"}],"author":[{"embeddable":true,"href":"https:\/\/gruporomaly.com\/index.php\/wp-json\/wp\/v2\/users\/1"}],"replies":[{"embeddable":true,"href":"https:\/\/gruporomaly.com\/index.php\/wp-json\/wp\/v2\/comments?post=335"}],"version-history":[{"count":1,"href":"https:\/\/gruporomaly.com\/index.php\/wp-json\/wp\/v2\/posts\/335\/revisions"}],"predecessor-version":[{"id":336,"href":"https:\/\/gruporomaly.com\/index.php\/wp-json\/wp\/v2\/posts\/335\/revisions\/336"}],"wp:featuredmedia":[{"embeddable":true,"href":"https:\/\/gruporomaly.com\/index.php\/wp-json\/wp\/v2\/media\/325"}],"wp:attachment":[{"href":"https:\/\/gruporomaly.com\/index.php\/wp-json\/wp\/v2\/media?parent=335"}],"wp:term":[{"taxonomy":"category","embeddable":true,"href":"https:\/\/gruporomaly.com\/index.php\/wp-json\/wp\/v2\/categories?post=335"},{"taxonomy":"post_tag","embeddable":true,"href":"https:\/\/gruporomaly.com\/index.php\/wp-json\/wp\/v2\/tags?post=335"}],"curies":[{"name":"wp","href":"https:\/\/api.w.org\/{rel}","templated":true}]}}